{"id":262,"date":"2024-05-09T20:05:53","date_gmt":"2024-05-09T20:05:53","guid":{"rendered":"https:\/\/superacomfe.com\/?p=262"},"modified":"2024-06-07T19:46:17","modified_gmt":"2024-06-07T19:46:17","slug":"oracao-pelo-mundo","status":"publish","type":"post","link":"https:\/\/superacomfe.com\/es\/oracao-pelo-mundo\/","title":{"rendered":"Oraci\u00f3n por el mundo"},"content":{"rendered":"<figure class=\"wp-block-image size-full\"><a href=\"https:\/\/superacomfe.com\/es\/oracao-pelo-mundo\/\"><img loading=\"lazy\" decoding=\"async\" width=\"736\" height=\"413\" src=\"https:\/\/superacomfe.com\/wp-content\/uploads\/sites\/7\/2024\/05\/AdobeStock_677118711-1-1.jpeg\" alt=\"\" class=\"wp-image-263\" style=\"aspect-ratio:16\/9;object-fit:cover\" srcset=\"https:\/\/superacomfe.com\/wp-content\/uploads\/sites\/7\/2024\/05\/AdobeStock_677118711-1-1.jpeg 736w, https:\/\/superacomfe.com\/wp-content\/uploads\/sites\/7\/2024\/05\/AdobeStock_677118711-1-1-300x168.jpeg 300w\" sizes=\"(max-width: 736px) 100vw, 736px\" \/><\/a><\/figure>\n\n\n\n<div class=\"wp-block-buttons is-content-justification-center is-layout-flex wp-container-core-buttons-layout-1 wp-block-buttons-is-layout-flex\">\n<div class=\"wp-block-button\"><a class=\"wp-block-button__link has-black-color has-luminous-vivid-orange-background-color has-text-color has-background wp-element-button\" href=\"https:\/\/superacomfe.com\/es\/paz-tempos-dificeis\/\"><strong>ACCEDE A LA ORACI\u00d3N AHORA MISMO<\/strong><\/a><\/div>\n<\/div>\n\n\n\n<div style=\"height:13px\" aria-hidden=\"true\" class=\"wp-block-spacer\"><\/div>\n\n\n\n<div class=\"wp-block-buttons is-content-justification-center is-layout-flex wp-container-core-buttons-layout-2 wp-block-buttons-is-layout-flex\">\n<div class=\"wp-block-button\"><a class=\"wp-block-button__link has-black-color has-vivid-cyan-blue-background-color has-text-color has-background wp-element-button\" href=\"https:\/\/superacomfe.com\/es\/eclesiastes-31\/\"><strong>ORACI\u00d3N PARA DESCUBRIR TU PROP\u00d3SITO<\/strong><\/a><\/div>\n<\/div>\n\n\n\n<div style=\"height:13px\" aria-hidden=\"true\" class=\"wp-block-spacer\"><\/div>\n\n\n\n<div style=\"height:18px\" aria-hidden=\"true\" class=\"wp-block-spacer\"><\/div>\n\n\n\n<p>Sabemos que vivimos tiempos desafiantes, donde los vientos de la adversidad soplan con fuerza y las aguas de la incertidumbre amenazan con inundarnos.&nbsp;<\/p>\n\n\n\n<p>Sin embargo, es precisamente en medio de las tormentas que encontramos refugio seguro en los brazos amorosos de nuestro Padre Celestial.&nbsp;<\/p>\n\n\n\n<p>Por eso, tengo dos invitaciones: la primera invitaci\u00f3n es a unir nuestros corazones y mentes en una oraci\u00f3n poderosa por la bendici\u00f3n y protecci\u00f3n del mundo que Dios tan generosamente nos ha dado. Y el segundo es unirse a nuestro grupo de oraci\u00f3n al finalizar.<\/p>\n\n\n\n<p>Que nuestras palabras sean como dulce incienso ante el trono del Alt\u00edsimo, y que nuestra fe nos gu\u00ede como una luz que brilla en medio de las tinieblas. En el nombre de Jes\u00fas, nuestro Salvador, comencemos este momento de intercesi\u00f3n y comuni\u00f3n con nuestro Creador.<\/p>\n\n\n\n<h2 class=\"wp-block-heading\" id=\"h-rogamos-por-misericordia\">Oramos por misericordia<\/h2>\n\n\n\n<p>En este momento acudimos a Ti con el coraz\u00f3n apesadumbrado, pero llenos de fe. Miramos a nuestro alrededor y vemos un mundo lleno de desastres naturales, destrucci\u00f3n y maldad.&nbsp;<\/p>\n\n\n\n<p>Vemos tragedias que nos entristecen y nos hacen cuestionar el futuro. Sin embargo, incluso en medio de la oscuridad, sabemos que Tu luz brilla m\u00e1s.<\/p>\n\n\n\n<p>Se\u00f1or, hoy clamamos por Tu bendici\u00f3n sobre esta Tierra que habitamos. Te pedimos que tu mano poderosa est\u00e9 sobre los que sufren, los que est\u00e1n perdidos y los que enfrentan dificultades.&nbsp;<\/p>\n\n\n\n<p>Sabemos que eres el Dios de lo imposible, el que transforma los lamentos en danzas de alegr\u00eda. Que Tus promesas de cuidado y amor sean una fuente de esperanza para todos nosotros.<\/p>\n\n\n\n<h2 class=\"wp-block-heading\" id=\"h-em-momentos-como-estes-e-facil-sentir-medo-e-incerteza\">En momentos como estos, es f\u00e1cil sentir miedo e incertidumbre\u2026&nbsp;<\/h2>\n\n\n\n<p>Pero, Padre, queremos recordar que T\u00fa eres nuestro refugio y fortaleza, una ayuda muy presente en los momentos de dificultad. Te pedimos que nos concedas la paz que sobrepasa todo entendimiento, la que s\u00f3lo T\u00fa puedes dar.<\/p>\n\n\n\n<p>Bendice, Se\u00f1or, a quienes se dedican a ayudar a los necesitados. Que las manos que sirven se fortalezcan y que el amor que comparten sea un reflejo de Tu amor por nosotros. Da sabidur\u00eda a los l\u00edderes del mundo para que puedan guiar con justicia y compasi\u00f3n.<\/p>\n\n\n\n<p>Se\u00f1or, en medio de la oscuridad, te pedimos que Tu luz brille m\u00e1s que nunca. Que cada uno de nosotros sea un faro de esperanza y amor en este mundo turbulento. Que nuestras palabras y acciones reflejen Tu gracia y misericordia.<\/p>\n\n\n\n<p>Oramos por una transformaci\u00f3n profunda en nuestros corazones y en nuestra sociedad. Que el ego\u00edsmo sea reemplazado por la generosidad, el odio por el amor y la divisi\u00f3n por la unidad.&nbsp;<\/p>\n\n\n\n<p>Que amemos verdaderamente a nuestro pr\u00f3jimo como a nosotros mismos, siguiendo el ejemplo de Tu amado hijo Jesucristo. En el nombre de Jes\u00fas, nuestro Salvador y Redentor, oramos. Am\u00e9n.<\/p>\n\n\n\n<div class=\"wp-block-buttons is-content-justification-center is-layout-flex wp-container-core-buttons-layout-3 wp-block-buttons-is-layout-flex\">\n<div class=\"wp-block-button\"><a class=\"wp-block-button__link has-black-color has-vivid-cyan-blue-background-color has-text-color has-background wp-element-button\" href=\"https:\/\/superacomfe.com\/es\/paz-tempos-dificeis\/\"><strong>COMPARTE LA PALABRA EN WHATSAPP<\/strong><\/a><\/div>\n<\/div>\n\n\n\n<div style=\"height:13px\" aria-hidden=\"true\" class=\"wp-block-spacer\"><\/div>\n\n\n\n<h2 class=\"wp-block-heading\" id=\"h-juntos-na-oracao\">Juntos en oraci\u00f3n<\/h2>\n\n\n\n<p>Unidos en oraci\u00f3n, elevamos nuestras peticiones al cielo. Sabemos que cada oraci\u00f3n es un signo de nuestra fe y compromiso con nuestros hermanos y hermanas que sufren. La oraci\u00f3n es nuestro refugio y nuestra fuerza, una luz que nunca se apaga, incluso en las mayores dificultades.<\/p>\n\n\n\n<p>Confiamos en el Dios que es capaz de hacer infinitamente m\u00e1s de todo lo que pedimos o pensamos, seg\u00fan su poder que obra en nosotros. Que nuestra unidad en oraci\u00f3n sea un testimonio vivo de Tu constante cuidado y fidelidad inquebrantable.<\/p>\n\n\n\n<p>Y, sobre todo, Padre Celestial, queremos expresar nuestra gratitud por Tu amor incondicional. Incluso en medio de las pruebas, sabemos que T\u00fa est\u00e1s con nosotros, gui\u00e1ndonos con Tu mano poderosa y sosteni\u00e9ndonos con Tu infinita gracia.&nbsp;<\/p>\n\n\n\n<p>Que todos seamos testigos vivos de Tu cuidado constante y de Tu poder redentor. En Jes\u00fas, nuestro Salvador, nos regocijamos y confiamos. Am\u00e9n.<\/p>\n\n\n\n<h2 class=\"wp-block-heading\" id=\"h-um-chamado-a-acao\">Una llamada a la acci\u00f3n<\/h2>\n\n\n\n<p>Adem\u00e1s de orar, los invito a actuar. Puede ser de muchas formas: una donaci\u00f3n, trabajo voluntario o compartiendo mensajes de apoyo y esperanza. Cada gesto de bondad es una oraci\u00f3n en acci\u00f3n, un amor que desborda y toca directamente a los necesitados.<\/p>\n\n\n\n<p>Recuerda que no est\u00e1s solo en este viaje. Juntos formamos una comunidad de fe y apoyo. Cada uno de nosotros puede ser un punto de luz en la oscuridad para quienes luchan por encontrar su camino.<\/p>\n\n\n\n<p>Mantente fuerte, mant\u00e9n la esperanza y contin\u00faa orando. Cree en la recuperaci\u00f3n y la renovaci\u00f3n, porque despu\u00e9s de la tormenta siempre viene la calma. Que este texto sirva de invitaci\u00f3n a la reflexi\u00f3n y a la acci\u00f3n.&nbsp;<\/p>\n\n\n\n<p>Que cada palabra aqu\u00ed compartida fortalezca tu esp\u00edritu y alimente tu alma. \u00danase a nosotros en esta cadena de oraciones por el mundo, y que juntos podamos ver el amanecer de d\u00edas mejores.<\/p>\n\n\n\n<div class=\"wp-block-buttons is-content-justification-center is-layout-flex wp-container-core-buttons-layout-4 wp-block-buttons-is-layout-flex\">\n<div class=\"wp-block-button\"><a class=\"wp-block-button__link has-black-color has-text-color has-background wp-element-button\" href=\"https:\/\/chat.whatsapp.com\/KiQpuKYiCrw9p1fzQ9vWke\" style=\"background-color:#00f05c\"><strong><strong>\u00daNETE AL GRUPO DE ORACI\u00d3N AQU\u00cd<\/strong><\/strong><\/a><\/div>\n<\/div>","protected":false},"excerpt":{"rendered":"<p>Sabemos que estamos vivendo tempos desafiadores, onde os ventos da adversidade sopram fortemente e as \u00e1guas da incerteza amea\u00e7am nos inundar.&nbsp; No entanto, \u00e9 justamente em meio \u00e0s tempestades que encontramos ref\u00fagio seguro nos bra\u00e7os amorosos do nosso Pai Celestial.&nbsp; Por isso, tenho dois convites: o primeiro convite \u00e9 para unirmos nossos cora\u00e7\u00f5es e mentes&hellip;&nbsp;<a href=\"https:\/\/superacomfe.com\/es\/oracao-pelo-mundo\/\" class=\"\" rel=\"bookmark\">Leer m\u00e1s &quot;<span class=\"screen-reader-text\">Oraci\u00f3n por el mundo<\/span><\/a><\/p>","protected":false},"author":6,"featured_media":263,"comment_status":"open","ping_status":"open","sticky":false,"template":"","format":"standard","meta":{"neve_meta_sidebar":"","neve_meta_container":"","neve_meta_enable_content_width":"","neve_meta_content_width":0,"neve_meta_title_alignment":"","neve_meta_author_avatar":"","neve_post_elements_order":"","neve_meta_disable_header":"","neve_meta_disable_footer":"","neve_meta_disable_title":"","footnotes":""},"categories":[8],"tags":[],"yoast_head":"<!-- This site is optimized with the Yoast SEO plugin v23.3 - https:\/\/yoast.com\/wordpress\/plugins\/seo\/ -->\n<title>Ora\u00e7\u00e3o pelo Mundo - SCF<\/title>\n<meta name=\"description\" content=\"Junte-se a n\u00f3s em uma ora\u00e7\u00e3o poderosa pelo mundo em tempos de desafio. Descubra como a f\u00e9 e a uni\u00e3o podem ser fontes de esperan\u00e7a.\" \/>\n<meta name=\"robots\" content=\"index, follow, max-snippet:-1, max-image-preview:large, max-video-preview:-1\" \/>\n<link rel=\"canonical\" href=\"https:\/\/superacomfe.com\/es\/oracao-pelo-mundo\/\" \/>\n<meta property=\"og:locale\" content=\"es_ES\" \/>\n<meta property=\"og:type\" content=\"article\" \/>\n<meta property=\"og:title\" content=\"Ora\u00e7\u00e3o pelo Mundo - SCF\" \/>\n<meta property=\"og:description\" content=\"Junte-se a n\u00f3s em uma ora\u00e7\u00e3o poderosa pelo mundo em tempos de desafio. Descubra como a f\u00e9 e a uni\u00e3o podem ser fontes de esperan\u00e7a.\" \/>\n<meta property=\"og:url\" content=\"https:\/\/superacomfe.com\/es\/oracao-pelo-mundo\/\" \/>\n<meta property=\"og:site_name\" content=\"SCF\" \/>\n<meta property=\"article:published_time\" content=\"2024-05-09T20:05:53+00:00\" \/>\n<meta property=\"article:modified_time\" content=\"2024-06-07T19:46:17+00:00\" \/>\n<meta property=\"og:image\" content=\"http:\/\/superacomfe.com\/wp-content\/uploads\/sites\/7\/2024\/05\/AdobeStock_677118711-1-1.jpeg\" \/>\n\t<meta property=\"og:image:width\" content=\"736\" \/>\n\t<meta property=\"og:image:height\" content=\"413\" \/>\n\t<meta property=\"og:image:type\" content=\"image\/jpeg\" \/>\n<meta name=\"author\" content=\"rafaelagregoriopinho\" \/>\n<meta name=\"twitter:card\" content=\"summary_large_image\" \/>\n<meta name=\"twitter:label1\" content=\"Written by\" \/>\n\t<meta name=\"twitter:data1\" content=\"rafaelagregoriopinho\" \/>\n\t<meta name=\"twitter:label2\" content=\"Est. reading time\" \/>\n\t<meta name=\"twitter:data2\" content=\"4 minutos\" \/>\n<script type=\"application\/ld+json\" class=\"yoast-schema-graph\">{\"@context\":\"https:\/\/schema.org\",\"@graph\":[{\"@type\":\"WebPage\",\"@id\":\"https:\/\/superacomfe.com\/oracao-pelo-mundo\/\",\"url\":\"https:\/\/superacomfe.com\/oracao-pelo-mundo\/\",\"name\":\"Ora\u00e7\u00e3o pelo Mundo - SCF\",\"isPartOf\":{\"@id\":\"http:\/\/superacomfe.com\/#website\"},\"primaryImageOfPage\":{\"@id\":\"https:\/\/superacomfe.com\/oracao-pelo-mundo\/#primaryimage\"},\"image\":{\"@id\":\"https:\/\/superacomfe.com\/oracao-pelo-mundo\/#primaryimage\"},\"thumbnailUrl\":\"https:\/\/superacomfe.com\/wp-content\/uploads\/sites\/7\/2024\/05\/AdobeStock_677118711-1-1.jpeg\",\"datePublished\":\"2024-05-09T20:05:53+00:00\",\"dateModified\":\"2024-06-07T19:46:17+00:00\",\"author\":{\"@id\":\"http:\/\/superacomfe.com\/#\/schema\/person\/0d3db4e334b23fb0726925146835d61a\"},\"description\":\"Junte-se a n\u00f3s em uma ora\u00e7\u00e3o poderosa pelo mundo em tempos de desafio. Descubra como a f\u00e9 e a uni\u00e3o podem ser fontes de esperan\u00e7a.\",\"breadcrumb\":{\"@id\":\"https:\/\/superacomfe.com\/oracao-pelo-mundo\/#breadcrumb\"},\"inLanguage\":\"es\",\"potentialAction\":[{\"@type\":\"ReadAction\",\"target\":[\"https:\/\/superacomfe.com\/oracao-pelo-mundo\/\"]}]},{\"@type\":\"ImageObject\",\"inLanguage\":\"es\",\"@id\":\"https:\/\/superacomfe.com\/oracao-pelo-mundo\/#primaryimage\",\"url\":\"https:\/\/superacomfe.com\/wp-content\/uploads\/sites\/7\/2024\/05\/AdobeStock_677118711-1-1.jpeg\",\"contentUrl\":\"https:\/\/superacomfe.com\/wp-content\/uploads\/sites\/7\/2024\/05\/AdobeStock_677118711-1-1.jpeg\",\"width\":736,\"height\":413,\"caption\":\"An elderly couple looking at their damaged home after a disaster\"},{\"@type\":\"BreadcrumbList\",\"@id\":\"https:\/\/superacomfe.com\/oracao-pelo-mundo\/#breadcrumb\",\"itemListElement\":[{\"@type\":\"ListItem\",\"position\":1,\"name\":\"Home\",\"item\":\"http:\/\/superacomfe.com\/\"},{\"@type\":\"ListItem\",\"position\":2,\"name\":\"Ora\u00e7\u00e3o pelo Mundo\"}]},{\"@type\":\"WebSite\",\"@id\":\"http:\/\/superacomfe.com\/#website\",\"url\":\"http:\/\/superacomfe.com\/\",\"name\":\"SCF\",\"description\":\"\",\"potentialAction\":[{\"@type\":\"SearchAction\",\"target\":{\"@type\":\"EntryPoint\",\"urlTemplate\":\"http:\/\/superacomfe.com\/?s={search_term_string}\"},\"query-input\":\"required name=search_term_string\"}],\"inLanguage\":\"es\"},{\"@type\":\"Person\",\"@id\":\"http:\/\/superacomfe.com\/#\/schema\/person\/0d3db4e334b23fb0726925146835d61a\",\"name\":\"rafaelagregoriopinho\",\"image\":{\"@type\":\"ImageObject\",\"inLanguage\":\"es\",\"@id\":\"http:\/\/superacomfe.com\/#\/schema\/person\/image\/\",\"url\":\"https:\/\/secure.gravatar.com\/avatar\/896114155b61e0c2f10a07a5dea38c84?s=96&d=mm&r=g\",\"contentUrl\":\"https:\/\/secure.gravatar.com\/avatar\/896114155b61e0c2f10a07a5dea38c84?s=96&d=mm&r=g\",\"caption\":\"rafaelagregoriopinho\"},\"url\":\"https:\/\/superacomfe.com\/es\/author\/rafaelagregoriopinho\/\"}]}<\/script>\n<!-- \/ Yoast SEO plugin. -->","yoast_head_json":{"title":"Ora\u00e7\u00e3o pelo Mundo - SCF","description":"Junte-se a n\u00f3s em uma ora\u00e7\u00e3o poderosa pelo mundo em tempos de desafio. Descubra como a f\u00e9 e a uni\u00e3o podem ser fontes de esperan\u00e7a.","robots":{"index":"index","follow":"follow","max-snippet":"max-snippet:-1","max-image-preview":"max-image-preview:large","max-video-preview":"max-video-preview:-1"},"canonical":"https:\/\/superacomfe.com\/es\/oracao-pelo-mundo\/","og_locale":"es_ES","og_type":"article","og_title":"Ora\u00e7\u00e3o pelo Mundo - SCF","og_description":"Junte-se a n\u00f3s em uma ora\u00e7\u00e3o poderosa pelo mundo em tempos de desafio. Descubra como a f\u00e9 e a uni\u00e3o podem ser fontes de esperan\u00e7a.","og_url":"https:\/\/superacomfe.com\/es\/oracao-pelo-mundo\/","og_site_name":"SCF","article_published_time":"2024-05-09T20:05:53+00:00","article_modified_time":"2024-06-07T19:46:17+00:00","og_image":[{"width":736,"height":413,"url":"http:\/\/superacomfe.com\/wp-content\/uploads\/sites\/7\/2024\/05\/AdobeStock_677118711-1-1.jpeg","type":"image\/jpeg"}],"author":"rafaelagregoriopinho","twitter_card":"summary_large_image","twitter_misc":{"Written by":"rafaelagregoriopinho","Est. reading time":"4 minutos"},"schema":{"@context":"https:\/\/schema.org","@graph":[{"@type":"WebPage","@id":"https:\/\/superacomfe.com\/oracao-pelo-mundo\/","url":"https:\/\/superacomfe.com\/oracao-pelo-mundo\/","name":"Ora\u00e7\u00e3o pelo Mundo - SCF","isPartOf":{"@id":"http:\/\/superacomfe.com\/#website"},"primaryImageOfPage":{"@id":"https:\/\/superacomfe.com\/oracao-pelo-mundo\/#primaryimage"},"image":{"@id":"https:\/\/superacomfe.com\/oracao-pelo-mundo\/#primaryimage"},"thumbnailUrl":"https:\/\/superacomfe.com\/wp-content\/uploads\/sites\/7\/2024\/05\/AdobeStock_677118711-1-1.jpeg","datePublished":"2024-05-09T20:05:53+00:00","dateModified":"2024-06-07T19:46:17+00:00","author":{"@id":"http:\/\/superacomfe.com\/#\/schema\/person\/0d3db4e334b23fb0726925146835d61a"},"description":"Junte-se a n\u00f3s em uma ora\u00e7\u00e3o poderosa pelo mundo em tempos de desafio. Descubra como a f\u00e9 e a uni\u00e3o podem ser fontes de esperan\u00e7a.","breadcrumb":{"@id":"https:\/\/superacomfe.com\/oracao-pelo-mundo\/#breadcrumb"},"inLanguage":"es","potentialAction":[{"@type":"ReadAction","target":["https:\/\/superacomfe.com\/oracao-pelo-mundo\/"]}]},{"@type":"ImageObject","inLanguage":"es","@id":"https:\/\/superacomfe.com\/oracao-pelo-mundo\/#primaryimage","url":"https:\/\/superacomfe.com\/wp-content\/uploads\/sites\/7\/2024\/05\/AdobeStock_677118711-1-1.jpeg","contentUrl":"https:\/\/superacomfe.com\/wp-content\/uploads\/sites\/7\/2024\/05\/AdobeStock_677118711-1-1.jpeg","width":736,"height":413,"caption":"An elderly couple looking at their damaged home after a disaster"},{"@type":"BreadcrumbList","@id":"https:\/\/superacomfe.com\/oracao-pelo-mundo\/#breadcrumb","itemListElement":[{"@type":"ListItem","position":1,"name":"Home","item":"http:\/\/superacomfe.com\/"},{"@type":"ListItem","position":2,"name":"Ora\u00e7\u00e3o pelo Mundo"}]},{"@type":"WebSite","@id":"http:\/\/superacomfe.com\/#website","url":"http:\/\/superacomfe.com\/","name":"SCF","description":"","potentialAction":[{"@type":"SearchAction","target":{"@type":"EntryPoint","urlTemplate":"http:\/\/superacomfe.com\/?s={search_term_string}"},"query-input":"required name=search_term_string"}],"inLanguage":"es"},{"@type":"Person","@id":"http:\/\/superacomfe.com\/#\/schema\/person\/0d3db4e334b23fb0726925146835d61a","name":"rafaelagregoriopinho","image":{"@type":"ImageObject","inLanguage":"es","@id":"http:\/\/superacomfe.com\/#\/schema\/person\/image\/","url":"https:\/\/secure.gravatar.com\/avatar\/896114155b61e0c2f10a07a5dea38c84?s=96&d=mm&r=g","contentUrl":"https:\/\/secure.gravatar.com\/avatar\/896114155b61e0c2f10a07a5dea38c84?s=96&d=mm&r=g","caption":"rafaelagregoriopinho"},"url":"https:\/\/superacomfe.com\/es\/author\/rafaelagregoriopinho\/"}]}},"_links":{"self":[{"href":"https:\/\/superacomfe.com\/es\/wp-json\/wp\/v2\/posts\/262"}],"collection":[{"href":"https:\/\/superacomfe.com\/es\/wp-json\/wp\/v2\/posts"}],"about":[{"href":"https:\/\/superacomfe.com\/es\/wp-json\/wp\/v2\/types\/post"}],"author":[{"embeddable":true,"href":"https:\/\/superacomfe.com\/es\/wp-json\/wp\/v2\/users\/6"}],"replies":[{"embeddable":true,"href":"https:\/\/superacomfe.com\/es\/wp-json\/wp\/v2\/comments?post=262"}],"version-history":[{"count":15,"href":"https:\/\/superacomfe.com\/es\/wp-json\/wp\/v2\/posts\/262\/revisions"}],"predecessor-version":[{"id":357,"href":"https:\/\/superacomfe.com\/es\/wp-json\/wp\/v2\/posts\/262\/revisions\/357"}],"wp:featuredmedia":[{"embeddable":true,"href":"https:\/\/superacomfe.com\/es\/wp-json\/wp\/v2\/media\/263"}],"wp:attachment":[{"href":"https:\/\/superacomfe.com\/es\/wp-json\/wp\/v2\/media?parent=262"}],"wp:term":[{"taxonomy":"category","embeddable":true,"href":"https:\/\/superacomfe.com\/es\/wp-json\/wp\/v2\/categories?post=262"},{"taxonomy":"post_tag","embeddable":true,"href":"https:\/\/superacomfe.com\/es\/wp-json\/wp\/v2\/tags?post=262"}],"curies":[{"name":"wp","href":"https:\/\/api.w.org\/{rel}","templated":true}]}}